{"id":4424,"date":"2023-05-30T14:12:34","date_gmt":"2023-05-30T17:12:34","guid":{"rendered":"http:\/\/itecfurg.org\/?p=4424"},"modified":"2023-05-31T21:48:27","modified_gmt":"2023-06-01T00:48:27","slug":"capacitacao-4-0-seleciona-bolsista-de-mestrado","status":"publish","type":"post","link":"https:\/\/itecfurg.org\/?p=4424","title":{"rendered":"Capacita\u00e7\u00e3o 4.0 &#8211; Seleciona bolsista de mestrado"},"content":{"rendered":"\t\t<div data-elementor-type=\"wp-post\" data-elementor-id=\"4424\" class=\"elementor elementor-4424\" data-elementor-post-type=\"post\">\n\t\t\t\t\t\t<section class=\"elementor-section elementor-top-section elementor-element elementor-element-322b8eb elementor-section-boxed elementor-section-height-default elementor-section-height-default\" data-id=\"322b8eb\" data-element_type=\"section\">\n\t\t\t\t\t\t<div class=\"elementor-container elementor-column-gap-default\">\n\t\t\t\t\t<div class=\"elementor-column elementor-col-100 elementor-top-column elementor-element elementor-element-31883b0\" data-id=\"31883b0\" data-element_type=\"column\">\n\t\t\t<div class=\"elementor-widget-wrap elementor-element-populated\">\n\t\t\t\t\t\t<div class=\"elementor-element elementor-element-8b7b3d1 elementor-widget elementor-widget-text-editor\" data-id=\"8b7b3d1\" data-element_type=\"widget\" data-widget_type=\"text-editor.default\">\n\t\t\t\t<div class=\"elementor-widget-container\">\n\t\t\t\t\t\t\t\t\t<p>Programa Capacita\u00e7\u00e3o 4.0 &#8211; Seleciona bolsista de mestrado para o programa induzido de desenvolvimento em \u00e1reas\u00a0estrat\u00e9gicas<\/p><p>Forma\u00e7\u00e3o: <br \/>&#8211; Gradua\u00e7\u00e3o em Direito;<br \/>&#8211; Estudante regularmente matriculado no Mestrado em Direito e Justi\u00e7a Social\/FURG.<\/p><p>Experi\u00eancia no Direito Administrativo e no Direito Constitucional.<\/p><p>Atua\u00e7\u00e3o: acompanhar a elabora\u00e7\u00e3o t\u00e9cnica dos contratos junto \u00e0 Unidade, assim como quest\u00f5es de ordem jur\u00eddica durante a execu\u00e7\u00e3o dos projetos contratados.<\/p><p>Enviar link e arquivo pdf do Curr\u00edculo Lattes para: itec.cogep@gmail.com<\/p><p>Vaga em aberto at\u00e9 o seu preenchimento (resultado a ser divulgado aqui).<\/p><p>\u00a0<\/p><p>Selecionado: Jonathan Morais Barcellos Ferreira<\/p><p><a href=\"http:\/\/itecfurg.org\/wp-content\/uploads\/2023\/05\/iTEC-FURG-presente-17.png\"><img decoding=\"async\" class=\"alignnone wp-image-4431 size-thumbnail\" src=\"http:\/\/itecfurg.org\/wp-content\/uploads\/2023\/05\/iTEC-FURG-presente-17-150x150.png\" alt=\"\" width=\"150\" height=\"150\" srcset=\"https:\/\/itecfurg.org\/wp-content\/uploads\/2023\/05\/iTEC-FURG-presente-17-150x150.png 150w, https:\/\/itecfurg.org\/wp-content\/uploads\/2023\/05\/iTEC-FURG-presente-17-300x300.png 300w, https:\/\/itecfurg.org\/wp-content\/uploads\/2023\/05\/iTEC-FURG-presente-17-1024x1024.png 1024w, https:\/\/itecfurg.org\/wp-content\/uploads\/2023\/05\/iTEC-FURG-presente-17-768x768.png 768w, https:\/\/itecfurg.org\/wp-content\/uploads\/2023\/05\/iTEC-FURG-presente-17.png 1080w\" sizes=\"(max-width: 150px) 100vw, 150px\" \/><\/a><\/p>\t\t\t\t\t\t\t\t<\/div>\n\t\t\t\t<\/div>\n\t\t\t\t\t<\/div>\n\t\t<\/div>\n\t\t\t\t\t<\/div>\n\t\t<\/section>\n\t\t\t\t<\/div>\n\t\t","protected":false},"excerpt":{"rendered":"<p>Programa Capacita\u00e7\u00e3o 4.0 &#8211; Seleciona bolsista de mestrado para o programa induzido de desenvolvimento em \u00e1reas\u00a0estrat\u00e9gicas Forma\u00e7\u00e3o: &#8211; Gradua\u00e7\u00e3o em Direito;&#8211; Estudante regularmente matriculado no Mestrado em Direito e Justi\u00e7a Social\/FURG. Experi\u00eancia no Direito Administrativo e no Direito Constitucional. Atua\u00e7\u00e3o: acompanhar a elabora\u00e7\u00e3o t\u00e9cnica dos contratos junto \u00e0 Unidade, assim como quest\u00f5es de ordem jur\u00eddica [&hellip;]<\/p>\n","protected":false},"author":4,"featured_media":4426,"comment_status":"open","ping_status":"open","sticky":false,"template":"","format":"standard","meta":{"_monsterinsights_skip_tracking":false,"_monsterinsights_sitenote_active":false,"_monsterinsights_sitenote_note":"","_monsterinsights_sitenote_category":0,"footnotes":""},"categories":[98],"tags":[],"class_list":["post-4424","post","type-post","status-publish","format-standard","has-post-thumbnail","hentry","category-vagas"],"aioseo_notices":[],"_links":{"self":[{"href":"https:\/\/itecfurg.org\/index.php?rest_route=\/wp\/v2\/posts\/4424","targetHints":{"allow":["GET"]}}],"collection":[{"href":"https:\/\/itecfurg.org\/index.php?rest_route=\/wp\/v2\/posts"}],"about":[{"href":"https:\/\/itecfurg.org\/index.php?rest_route=\/wp\/v2\/types\/post"}],"author":[{"embeddable":true,"href":"https:\/\/itecfurg.org\/index.php?rest_route=\/wp\/v2\/users\/4"}],"replies":[{"embeddable":true,"href":"https:\/\/itecfurg.org\/index.php?rest_route=%2Fwp%2Fv2%2Fcomments&post=4424"}],"version-history":[{"count":13,"href":"https:\/\/itecfurg.org\/index.php?rest_route=\/wp\/v2\/posts\/4424\/revisions"}],"predecessor-version":[{"id":4450,"href":"https:\/\/itecfurg.org\/index.php?rest_route=\/wp\/v2\/posts\/4424\/revisions\/4450"}],"wp:featuredmedia":[{"embeddable":true,"href":"https:\/\/itecfurg.org\/index.php?rest_route=\/wp\/v2\/media\/4426"}],"wp:attachment":[{"href":"https:\/\/itecfurg.org\/index.php?rest_route=%2Fwp%2Fv2%2Fmedia&parent=4424"}],"wp:term":[{"taxonomy":"category","embeddable":true,"href":"https:\/\/itecfurg.org\/index.php?rest_route=%2Fwp%2Fv2%2Fcategories&post=4424"},{"taxonomy":"post_tag","embeddable":true,"href":"https:\/\/itecfurg.org\/index.php?rest_route=%2Fwp%2Fv2%2Ftags&post=4424"}],"curies":[{"name":"wp","href":"https:\/\/api.w.org\/{rel}","templated":true}]}}